{"id":213,"date":"2025-04-11T18:18:06","date_gmt":"2025-04-11T16:18:06","guid":{"rendered":"https:\/\/ljaeger-dev789.ibnogent.org\/?p=213"},"modified":"2025-04-11T18:18:06","modified_gmt":"2025-04-11T16:18:06","slug":"le-creationnisme","status":"publish","type":"post","link":"https:\/\/ljaeger-dev789.ibnogent.org\/?p=213","title":{"rendered":"Le cr\u00e9ationnisme"},"content":{"rendered":"\n<p>Conf\u00e9rence donn\u00e9e dans le cadre du cycle de conf\u00e9rences consacr\u00e9 en 2009-2010 \u00e0 la science et foi par le p\u00f4le \u00ab \u00c9glise et cultures \u00bb du dioc\u00e8se catholique de Valence, le jeudi 28 janvier 2010 \u00e0 18h30, \u00e0 la maison dioc\u00e9saine du Bon Pasteur \u00e0 Valence :<\/p>\n\n\n\n<figure class=\"wp-block-embed is-type-video is-provider-youtube wp-block-embed-youtube wp-embed-aspect-16-9 wp-has-aspect-ratio\"><div class=\"wp-block-embed__wrapper\">\n<iframe title=\"Lydia JAEGER \u00ab Le cr\u00e9ationnisme \u00bb\" width=\"800\" height=\"450\" src=\"https:\/\/www.youtube.com\/embed\/uQWAdDn0TH0?feature=oembed\" frameborder=\"0\" allow=\"accelerometer; autoplay; clipboard-write; encrypted-media; gyroscope; picture-in-picture; web-share\" referrerpolicy=\"strict-origin-when-cross-origin\" allowfullscreen><\/iframe>\n<\/div><\/figure>\n\n\n\n<p><\/p>\n","protected":false},"excerpt":{"rendered":"<p>Conf\u00e9rence donn\u00e9e dans le cadre du cycle de conf\u00e9rences consacr\u00e9 en 2009-2010 \u00e0 la science et foi par le p\u00f4le \u00ab \u00c9glise et cultures \u00bb du dioc\u00e8se catholique de Valence, le jeudi 28 janvier 2010 \u00e0 18h30, \u00e0 la maison dioc\u00e9saine du Bon Pasteur \u00e0 Valence :<\/p>\n","protected":false},"author":2,"featured_media":0,"comment_status":"closed","ping_status":"open","sticky":false,"template":"","format":"standard","meta":{"footnotes":""},"categories":[10],"tags":[],"class_list":["post-213","post","type-post","status-publish","format-standard","hentry","category-conferences"],"_links":{"self":[{"href":"https:\/\/ljaeger-dev789.ibnogent.org\/index.php?rest_route=\/wp\/v2\/posts\/213","targetHints":{"allow":["GET"]}}],"collection":[{"href":"https:\/\/ljaeger-dev789.ibnogent.org\/index.php?rest_route=\/wp\/v2\/posts"}],"about":[{"href":"https:\/\/ljaeger-dev789.ibnogent.org\/index.php?rest_route=\/wp\/v2\/types\/post"}],"author":[{"embeddable":true,"href":"https:\/\/ljaeger-dev789.ibnogent.org\/index.php?rest_route=\/wp\/v2\/users\/2"}],"replies":[{"embeddable":true,"href":"https:\/\/ljaeger-dev789.ibnogent.org\/index.php?rest_route=%2Fwp%2Fv2%2Fcomments&post=213"}],"version-history":[{"count":1,"href":"https:\/\/ljaeger-dev789.ibnogent.org\/index.php?rest_route=\/wp\/v2\/posts\/213\/revisions"}],"predecessor-version":[{"id":214,"href":"https:\/\/ljaeger-dev789.ibnogent.org\/index.php?rest_route=\/wp\/v2\/posts\/213\/revisions\/214"}],"wp:attachment":[{"href":"https:\/\/ljaeger-dev789.ibnogent.org\/index.php?rest_route=%2Fwp%2Fv2%2Fmedia&parent=213"}],"wp:term":[{"taxonomy":"category","embeddable":true,"href":"https:\/\/ljaeger-dev789.ibnogent.org\/index.php?rest_route=%2Fwp%2Fv2%2Fcategories&post=213"},{"taxonomy":"post_tag","embeddable":true,"href":"https:\/\/ljaeger-dev789.ibnogent.org\/index.php?rest_route=%2Fwp%2Fv2%2Ftags&post=213"}],"curies":[{"name":"wp","href":"https:\/\/api.w.org\/{rel}","templated":true}]}}