{"id":228,"date":"2025-04-11T18:24:19","date_gmt":"2025-04-11T16:24:19","guid":{"rendered":"https:\/\/ljaeger-dev789.ibnogent.org\/?p=228"},"modified":"2025-04-11T18:24:19","modified_gmt":"2025-04-11T16:24:19","slug":"la-science-rend-elle-la-religion-impossible","status":"publish","type":"post","link":"https:\/\/ljaeger-dev789.ibnogent.org\/?p=228","title":{"rendered":"La science rend-elle la religion impossible ?"},"content":{"rendered":"\n<p>Conf\u00e9rence-d\u00e9bat avec Etienne Klein, \u00e0 Paris, le 12 mars 2012, dans le cadre des conf\u00e9rences du <a href=\"https:\/\/www.youtube.com\/@ForumVeritasFrance\" target=\"_blank\" rel=\"noreferrer noopener\">Forum Veritas<\/a>.\u00a0<\/p>\n\n\n\n<figure class=\"wp-block-embed is-type-video is-provider-youtube wp-block-embed-youtube wp-embed-aspect-4-3 wp-has-aspect-ratio\"><div class=\"wp-block-embed__wrapper\">\n<iframe title=\"La science rend-elle la religion impossible ? \u00c9tienne Klein et Lydia Jaeger (entier)\" width=\"800\" height=\"600\" src=\"https:\/\/www.youtube.com\/embed\/F7rF6AE_fXI?feature=oembed\" frameborder=\"0\" allow=\"accelerometer; autoplay; clipboard-write; encrypted-media; gyroscope; picture-in-picture; web-share\" referrerpolicy=\"strict-origin-when-cross-origin\" allowfullscreen><\/iframe>\n<\/div><\/figure>\n\n\n\n<p>Reportage diffus\u00e9e sur France 2, dans le programme t\u00e9l\u00e9vis\u00e9 Pr\u00e9sence Protestante du 1er avril 2012 :<\/p>\n\n\n\n<figure class=\"wp-block-embed is-type-video is-provider-youtube wp-block-embed-youtube wp-embed-aspect-16-9 wp-has-aspect-ratio\"><div class=\"wp-block-embed__wrapper\">\n<iframe title=\"France 2 - Reportage Forum Veritas de Paris avec Etienne Klein et Lydia Jaeger\" width=\"800\" height=\"450\" src=\"https:\/\/www.youtube.com\/embed\/L4iYWQej03A?feature=oembed\" frameborder=\"0\" allow=\"accelerometer; autoplay; clipboard-write; encrypted-media; gyroscope; picture-in-picture; web-share\" referrerpolicy=\"strict-origin-when-cross-origin\" allowfullscreen><\/iframe>\n<\/div><\/figure>\n","protected":false},"excerpt":{"rendered":"<p>Conf\u00e9rence-d\u00e9bat avec Etienne Klein, \u00e0 Paris, le 12 mars 2012, dans le cadre des conf\u00e9rences du Forum Veritas.\u00a0 Reportage diffus\u00e9e sur France 2, dans le programme t\u00e9l\u00e9vis\u00e9 Pr\u00e9sence Protestante du 1er avril 2012 :<\/p>\n","protected":false},"author":2,"featured_media":0,"comment_status":"closed","ping_status":"open","sticky":false,"template":"","format":"standard","meta":{"footnotes":""},"categories":[10],"tags":[],"class_list":["post-228","post","type-post","status-publish","format-standard","hentry","category-conferences"],"_links":{"self":[{"href":"https:\/\/ljaeger-dev789.ibnogent.org\/index.php?rest_route=\/wp\/v2\/posts\/228","targetHints":{"allow":["GET"]}}],"collection":[{"href":"https:\/\/ljaeger-dev789.ibnogent.org\/index.php?rest_route=\/wp\/v2\/posts"}],"about":[{"href":"https:\/\/ljaeger-dev789.ibnogent.org\/index.php?rest_route=\/wp\/v2\/types\/post"}],"author":[{"embeddable":true,"href":"https:\/\/ljaeger-dev789.ibnogent.org\/index.php?rest_route=\/wp\/v2\/users\/2"}],"replies":[{"embeddable":true,"href":"https:\/\/ljaeger-dev789.ibnogent.org\/index.php?rest_route=%2Fwp%2Fv2%2Fcomments&post=228"}],"version-history":[{"count":1,"href":"https:\/\/ljaeger-dev789.ibnogent.org\/index.php?rest_route=\/wp\/v2\/posts\/228\/revisions"}],"predecessor-version":[{"id":229,"href":"https:\/\/ljaeger-dev789.ibnogent.org\/index.php?rest_route=\/wp\/v2\/posts\/228\/revisions\/229"}],"wp:attachment":[{"href":"https:\/\/ljaeger-dev789.ibnogent.org\/index.php?rest_route=%2Fwp%2Fv2%2Fmedia&parent=228"}],"wp:term":[{"taxonomy":"category","embeddable":true,"href":"https:\/\/ljaeger-dev789.ibnogent.org\/index.php?rest_route=%2Fwp%2Fv2%2Fcategories&post=228"},{"taxonomy":"post_tag","embeddable":true,"href":"https:\/\/ljaeger-dev789.ibnogent.org\/index.php?rest_route=%2Fwp%2Fv2%2Ftags&post=228"}],"curies":[{"name":"wp","href":"https:\/\/api.w.org\/{rel}","templated":true}]}}