{"id":250,"date":"2025-04-11T18:33:16","date_gmt":"2025-04-11T16:33:16","guid":{"rendered":"https:\/\/ljaeger-dev789.ibnogent.org\/?p=250"},"modified":"2025-04-11T18:33:16","modified_gmt":"2025-04-11T16:33:16","slug":"la-foi-est-elle-compatible-avec-la-science","status":"publish","type":"post","link":"https:\/\/ljaeger-dev789.ibnogent.org\/?p=250","title":{"rendered":"La Foi est-elle compatible avec la Science ?"},"content":{"rendered":"\n<p>Intervention donn\u00e9e dans le cadre de la conf\u00e9rence Science, Raison et Foi organis\u00e9e par les CC des Mines, de l\u2019ESPCI, d\u2019AgroParisTech et de ChimieParis, le 19 avril 2022 avec comme orateurs Lydia Jaeger, et le philosophe Olivier Rey, pour tenter de r\u00e9pondre \u00e0 la question \u00ab La Foi est-elle compatible avec la Science ? \u00bb.<\/p>\n\n\n\n<figure class=\"wp-block-embed is-type-video is-provider-youtube wp-block-embed-youtube wp-embed-aspect-16-9 wp-has-aspect-ratio\"><div class=\"wp-block-embed__wrapper\">\n<iframe title=\"Conf\u00e9rence Science, Raison et Foi - Olivier Rey - Lydia Jaeger\" width=\"800\" height=\"450\" src=\"https:\/\/www.youtube.com\/embed\/WiU4ts7UYFo?feature=oembed\" frameborder=\"0\" allow=\"accelerometer; autoplay; clipboard-write; encrypted-media; gyroscope; picture-in-picture; web-share\" referrerpolicy=\"strict-origin-when-cross-origin\" allowfullscreen><\/iframe>\n<\/div><\/figure>\n\n\n\n<p><\/p>\n","protected":false},"excerpt":{"rendered":"<p>Intervention donn\u00e9e dans le cadre de la conf\u00e9rence Science, Raison et Foi organis\u00e9e par les CC des Mines, de l\u2019ESPCI, d\u2019AgroParisTech et de ChimieParis, le 19 avril 2022 avec comme orateurs Lydia Jaeger, et le philosophe Olivier Rey, pour tenter de r\u00e9pondre \u00e0 la question \u00ab La Foi est-elle compatible avec la Science ? \u00bb.<\/p>\n","protected":false},"author":2,"featured_media":0,"comment_status":"closed","ping_status":"open","sticky":false,"template":"","format":"standard","meta":{"footnotes":""},"categories":[10],"tags":[],"class_list":["post-250","post","type-post","status-publish","format-standard","hentry","category-conferences"],"_links":{"self":[{"href":"https:\/\/ljaeger-dev789.ibnogent.org\/index.php?rest_route=\/wp\/v2\/posts\/250","targetHints":{"allow":["GET"]}}],"collection":[{"href":"https:\/\/ljaeger-dev789.ibnogent.org\/index.php?rest_route=\/wp\/v2\/posts"}],"about":[{"href":"https:\/\/ljaeger-dev789.ibnogent.org\/index.php?rest_route=\/wp\/v2\/types\/post"}],"author":[{"embeddable":true,"href":"https:\/\/ljaeger-dev789.ibnogent.org\/index.php?rest_route=\/wp\/v2\/users\/2"}],"replies":[{"embeddable":true,"href":"https:\/\/ljaeger-dev789.ibnogent.org\/index.php?rest_route=%2Fwp%2Fv2%2Fcomments&post=250"}],"version-history":[{"count":1,"href":"https:\/\/ljaeger-dev789.ibnogent.org\/index.php?rest_route=\/wp\/v2\/posts\/250\/revisions"}],"predecessor-version":[{"id":251,"href":"https:\/\/ljaeger-dev789.ibnogent.org\/index.php?rest_route=\/wp\/v2\/posts\/250\/revisions\/251"}],"wp:attachment":[{"href":"https:\/\/ljaeger-dev789.ibnogent.org\/index.php?rest_route=%2Fwp%2Fv2%2Fmedia&parent=250"}],"wp:term":[{"taxonomy":"category","embeddable":true,"href":"https:\/\/ljaeger-dev789.ibnogent.org\/index.php?rest_route=%2Fwp%2Fv2%2Fcategories&post=250"},{"taxonomy":"post_tag","embeddable":true,"href":"https:\/\/ljaeger-dev789.ibnogent.org\/index.php?rest_route=%2Fwp%2Fv2%2Ftags&post=250"}],"curies":[{"name":"wp","href":"https:\/\/api.w.org\/{rel}","templated":true}]}}